{"id":4687,"date":"2022-02-23T15:28:59","date_gmt":"2022-02-23T14:28:59","guid":{"rendered":"https:\/\/terredechampions.besancon.fr\/?p=4687"},"modified":"2022-02-25T11:01:25","modified_gmt":"2022-02-25T10:01:25","slug":"le-cerou-besancon-au-coeur-de-la-recherche-olympique-universitaire","status":"publish","type":"post","link":"https:\/\/terredechampions.besancon.fr\/es\/le-cerou-besancon-au-coeur-de-la-recherche-olympique-universitaire\/","title":{"rendered":"El CEROU: Besan\u00e7on, en el corazon de la investigacion olimpica universitaria"},"content":{"rendered":"<p>Le 4 f\u00e9vrier 2019, \u00e0 l\u2019occasion du lancement de la Semaine olympique et paralympique (SOP), le Minist\u00e8re de l\u2019Enseignement sup\u00e9rieur, de la Recherche et de l\u2019Innovation et le Minist\u00e8re des Sports ont d\u00e9cern\u00e9 le label \u00ab\u00a0G\u00e9n\u00e9ration 2024\u00a0\u00bb \u00e0 l\u2019Universit\u00e9 de Franche-Comt\u00e9. Elle fait partie des 24 premi\u00e8res universit\u00e9s labellis\u00e9es dans le monde. Le 27 f\u00e9vrier 2022, le label \u00ab\u00a0G\u00e9n\u00e9ration 2024\u00a0\u00bb est renouvel\u00e9 pour l\u2019Universit\u00e9 de Franche-Comt\u00e9 jusqu\u2019en 2025.<\/p>\n\n\n\n<p>El proyecto CEROU fue oficialmente lanzado el 20 de septiembre de 2019. La se\u00f1ora Roxana MARACINEANU, Ministra de Deportes, aport\u00f3 su alto patrocinio al lanzamiento oficial.<\/p>\n\n\n\n<p>Il a pour but d&rsquo;accro\u00eetre l&rsquo;attractivit\u00e9 (label G\u00e9n\u00e9ration 2024&#8230;) et le rayonnement de la recherche sur notre territoire (label Terre de Jeux\u2026), avec le soutien du Comit\u00e9 international olympique (CIO), du Comit\u00e9 d&rsquo;organisation des Jeux olympiques de Paris 2024, du Comit\u00e9 national olympique et sportif fran\u00e7ais (CNOSF), du minist\u00e8re de sports et du Comit\u00e9 International des jeux de la francophonie.<\/p>\n\n\n\n<p>El Centro de estudios y de investigaciones ol\u00edmpicas universitarias (CEROU) es una federaci\u00f3n de estudios y de investigaci\u00f3n de la Universidad del Franche-comt\u00e9 (UFC) Tiene por vocaci\u00f3n, federar los estudios, las ense\u00f1anzas y trabajos de investigaci\u00f3n relativos al olimpismo, realizados e impartidos dentro o fuera de la UFC.&nbsp;<\/p>\n\n\n\n<p>L\u2019universit\u00e9 de Franche-Comt\u00e9 s\u2019inscrit ainsi dans les directives minist\u00e9rielles de promouvoir l&rsquo;\u00e9ducation par le sport et de mettre les valeurs citoyennes et sportives au c\u0153ur des enseignements par l\u2019olympisme.<\/p>\n\n\n\n<p>Primer centro franc\u00e9s en ser creado en el seno de una universidad y reconocido por el CIO, constituye, para nuestro territorio una verdadera oportunidad gracias a :<\/p>\n\n\n\n<ul class=\"wp-block-list\"><li>su atractivo en Francia y en el extranjero;<\/li><li>su visibilidad en Francia y en el extranjero;<\/li><li>su reconocimiento en Francia y en el extranjero;<\/li><li>su ambici\u00f3n por innovar y sobresalir;<\/li><li>sus investigaciones sobre el olimpismo y para olimpismo (investigaci\u00f3n,\npublicaci\u00f3n...);<\/li><li>sus acciones et sus conocimientos destinados a los investigadores y a los estudiantes;<\/li><li>aumentar sus apoyos nacionales e internacionales actuales tales como el CIO, CNOSF, Paris 2024... y los venideros.<\/li><\/ul>\n\n\n\n<p>El CEROU promueve con empe\u00f1o una pol\u00edtica pedag\u00f3gica y de investigaci\u00f3n siguiendo los ejes estrat\u00e9gicos siguientes: &nbsp;<\/p>\n\n\n\n<ul class=\"wp-block-list\"><li>Investigaci\u00f3n;<\/li><li>Ense\u00f1anza y capacitaci\u00f3n;&nbsp;<\/li><li>Peritaje;<\/li><li>Promoci\u00f3n.<\/li><\/ul>\n\n\n\n<p>El CEROU cuenta con un director, el Se\u00f1or \u00c9ric MONNIN tambi\u00e9n Vicepresidente de la Universidad del Franche-Comt\u00e9 en olimpismo.&nbsp;<\/p>\n\n\n\n<figure class=\"wp-block-image size-large\"><img fetchpriority=\"high\" decoding=\"async\" width=\"1024\" height=\"683\" src=\"https:\/\/terredechampions.besancon.fr\/wp-content\/uploads\/2021\/12\/SANDRA-pour-site-web-photo-CEROU\u00a9Christine-Dumas-1024x683.jpg\" alt=\"\" class=\"wp-image-4343\" srcset=\"https:\/\/terredechampions.besancon.fr\/wp-content\/uploads\/2021\/12\/SANDRA-pour-site-web-photo-CEROU\u00a9Christine-Dumas-1024x683.jpg 1024w, https:\/\/terredechampions.besancon.fr\/wp-content\/uploads\/2021\/12\/SANDRA-pour-site-web-photo-CEROU\u00a9Christine-Dumas-300x200.jpg 300w, https:\/\/terredechampions.besancon.fr\/wp-content\/uploads\/2021\/12\/SANDRA-pour-site-web-photo-CEROU\u00a9Christine-Dumas-768x512.jpg 768w, https:\/\/terredechampions.besancon.fr\/wp-content\/uploads\/2021\/12\/SANDRA-pour-site-web-photo-CEROU\u00a9Christine-Dumas-1536x1024.jpg 1536w, https:\/\/terredechampions.besancon.fr\/wp-content\/uploads\/2021\/12\/SANDRA-pour-site-web-photo-CEROU\u00a9Christine-Dumas-2048x1365.jpg 2048w\" sizes=\"(max-width: 1024px) 100vw, 1024px\" \/><\/figure>\n\n\n\n<h3 class=\"wp-block-heading\"><strong>El olimpismo, valores universales que la Universidad del Franche- Comt\u00e9 desea llevar en su estandarte.<\/strong><\/h3>\n\n\n\n<p><strong>Al crear el CEROU, la universidad del Franco Condado desea:<\/strong><\/p>\n\n\n\n<ul class=\"wp-block-list\"><li>Incentivar el trabajo interdisciplinario en equipo;<\/li><li>Reforzar los lazos cient\u00edficos y las sinergias entre nuestros laboratorios;<\/li><li>Renforcer la structuration d&rsquo;entit\u00e9s existantes ou \u00e0 venir pour favoriser la mise en r\u00e9seaux ;<\/li><li>Promouvoir la visibilit\u00e9 des laboratoires de recherche par l&rsquo;ouverture \u00e0 l&rsquo;international ou la promotion de leur savoir-faire ;<\/li><li>Favorecer los intercambios entre nuestros laboratorios de investigaci\u00f3n y el\nmundo socio econ\u00f3mico.<\/li><\/ul>\n\n\n\n<blockquote class=\"wp-block-quote is-layout-flow wp-block-quote-is-layout-flow\"><p><em>\u00ab&nbsp;Un centre universitaire d&rsquo;\u00e9tudes et de recherches olympiques est un centre universitaire qui fonctionne gr\u00e2ce \u00e0 la contribution de professeurs, chercheurs et \u00e9tudiants (de troisi\u00e8me cycle) et dont la mission est de cr\u00e9er et\/ou diffuser des connaissances olympiques, essentiellement aupr\u00e8s des \u00e9tudiants (d&rsquo;autres groupes peuvent aussi \u00eatre cibl\u00e9s) via des activit\u00e9s universitaires (cours, recherches, publications et conf\u00e9rences). Les chaires olympiques correspondant \u00e0 cette d\u00e9finition sont \u00e9galement consid\u00e9r\u00e9es comme des centres universitaires d&rsquo;\u00e9tudes et de recherches olympiques&nbsp;\u00bb.&nbsp;<\/em><\/p><cite><em>Comit\u00e9 international olympique (2020). Directives pour les centres universitaires d&rsquo;\u00e9tudes et de recherches olympiques, centre d\u2019\u00e9tudes olympiques, Lausanne, p.4.<\/em><\/cite><\/blockquote>\n\n\n\n<h3 class=\"wp-block-heading\"><strong>Fechas claves del CEROU<\/strong><\/h3>\n\n\n\n<ul class=\"has-background wp-block-list\" style=\"background-color:#efefef\"><li class=\" translation-block\">09 de octubre de 2018: Nombramiento del Vicepresidente de la Universidad del Franco Condado al olimpismo<\/li><li class=\" translation-block\">03 de febrero de 2019: la Universidad del Franco Condado recibe el certificado \u00abG\u00e9n\u00e9ration 2024\u00bb<\/li><li class=\" translation-block\">20 de septiembre de 2019: Presentaci\u00f3n oficial del proyecto CEROU. La se\u00f1ora Ministra de deportes aporta su alto patrocinio a su lanzamiento. Con el apoyo del Comit\u00e9 internacional ol\u00edmpico (CIO), del Comit\u00e9 de organizaci\u00f3n de los Juegos ol\u00edmpicos de Par\u00eds 2024. (COJP), del Comit\u00e9 nacional ol\u00edmpico y deportivo franc\u00e9s (CNOSF), del Comit\u00e9 internacional de Juegos de la zona franco hablante...<\/li><li class=\" translation-block\">10 diciembre de 2019: aprobaci\u00f3n por voto de los estatutos del CEROU a unanimidad por el consejo de administraci\u00f3n de la Universidad del Franco Condado<\/li><li class=\" translation-block\">12 de marzo de 2020: nombramiento del director del CEROU a unanimidad por el consejo de administraci\u00f3n de la Universidad del Franco Condado<\/li><li><strong>30 mars 2020<\/strong>&nbsp;: Le CIO int\u00e8gre officiellement le CEROU dans son document de r\u00e9f\u00e9rence intitul\u00e9 <em>\u00ab\u00a0Les centre d&rsquo;\u00e9tudes dans le monde\u00a0\u00bb<\/em><\/li><\/ul>","protected":false},"excerpt":{"rendered":"<p>Le 4 f\u00e9vrier 2019, \u00e0 l\u2019occasion du lancement de la Semaine olympique et paralympique (SOP), le Minist\u00e8re de l\u2019Enseignement sup\u00e9rieur, de la Recherche et de l\u2019Innovation et le Minist\u00e8re des Sports ont d\u00e9cern\u00e9 le label \u00ab\u00a0G\u00e9n\u00e9ration 2024\u00a0\u00bb \u00e0 l\u2019Universit\u00e9 de Franche-Comt\u00e9. Elle fait partie des 24 premi\u00e8res universit\u00e9s labellis\u00e9es dans le monde. Le 27 f\u00e9vrier [&hellip;]<\/p>\n","protected":false},"author":1,"featured_media":4703,"comment_status":"closed","ping_status":"open","sticky":false,"template":"","format":"standard","meta":{"footnotes":""},"categories":[54],"tags":[],"taxonomy-discipline":[],"class_list":["post-4687","post","type-post","status-publish","format-standard","has-post-thumbnail","hentry","category-attractivite"],"_links":{"self":[{"href":"https:\/\/terredechampions.besancon.fr\/es\/wp-json\/wp\/v2\/posts\/4687","targetHints":{"allow":["GET"]}}],"collection":[{"href":"https:\/\/terredechampions.besancon.fr\/es\/wp-json\/wp\/v2\/posts"}],"about":[{"href":"https:\/\/terredechampions.besancon.fr\/es\/wp-json\/wp\/v2\/types\/post"}],"author":[{"embeddable":true,"href":"https:\/\/terredechampions.besancon.fr\/es\/wp-json\/wp\/v2\/users\/1"}],"replies":[{"embeddable":true,"href":"https:\/\/terredechampions.besancon.fr\/es\/wp-json\/wp\/v2\/comments?post=4687"}],"version-history":[{"count":0,"href":"https:\/\/terredechampions.besancon.fr\/es\/wp-json\/wp\/v2\/posts\/4687\/revisions"}],"wp:featuredmedia":[{"embeddable":true,"href":"https:\/\/terredechampions.besancon.fr\/es\/wp-json\/wp\/v2\/media\/4703"}],"wp:attachment":[{"href":"https:\/\/terredechampions.besancon.fr\/es\/wp-json\/wp\/v2\/media?parent=4687"}],"wp:term":[{"taxonomy":"category","embeddable":true,"href":"https:\/\/terredechampions.besancon.fr\/es\/wp-json\/wp\/v2\/categories?post=4687"},{"taxonomy":"post_tag","embeddable":true,"href":"https:\/\/terredechampions.besancon.fr\/es\/wp-json\/wp\/v2\/tags?post=4687"},{"taxonomy":"taxonomy-discipline","embeddable":true,"href":"https:\/\/terredechampions.besancon.fr\/es\/wp-json\/wp\/v2\/taxonomy-discipline?post=4687"}],"curies":[{"name":"wp","href":"https:\/\/api.w.org\/{rel}","templated":true}]}}